{"id":9153,"date":"2025-05-27T21:13:12","date_gmt":"2025-05-27T19:13:12","guid":{"rendered":"https:\/\/www.zsmiletin.cz\/?p=9153"},"modified":"2025-05-27T21:31:54","modified_gmt":"2025-05-27T19:31:54","slug":"tresnicka-na-dortu","status":"publish","type":"post","link":"https:\/\/www.zsmiletin.cz\/?p=9153","title":{"rendered":"T\u0159e\u0161ni\u010dka na dortu"},"content":{"rendered":"<p>Libereck\u00e1 v\u011bdeck\u00e1 knihovna se stala v pond\u011bl\u00ed 26. 5. 2025 m\u00edstem, kde se setkali \u017e\u00e1ci z\u00e1kladn\u00edch a st\u0159edn\u00edch \u0161kol s renomovan\u00fdmi v\u00e1le\u010dn\u00fdmi zpravodaji pan\u00ed Petrou Proch\u00e1zkovou (Den\u00edk N), panem Martinem Doraz\u00ednem (\u010cesk\u00fd rozhlas) a sle\u010dnou Terezou Povolnou (Seznam Zpr\u00e1vy). Prob\u011bhla zde debata o v\u00e1le\u010dn\u00e9m zpravodajstv\u00ed, pr\u00e1ci novin\u00e1\u0159e a aktu\u00e1ln\u00ed situaci na Ukrajin\u011b. M\u011bli jsme d\u00edky dlouhodob\u00e9 spolupr\u00e1ci s organizac\u00ed \u010clov\u011bk v t\u00edsni a jeho projektem Jeden sv\u011bt na \u0161kol\u00e1ch mo\u017enost obsadit na t\u00e9to akci 26 m\u00edst. Byli tedy vybr\u00e1ni \u017e\u00e1ci nap\u0159\u00ed\u010d t\u0159\u00eddami 2. st, kte\u0159\u00ed se aktivn\u011b zapojuj\u00ed do pr\u00e1ce p\u0159i podobn\u00fdch t\u00e9matech, z\u00e1jmem nad r\u00e1mec v\u00fduky nebo se v\u011bnuj\u00ed \u00fakol\u016fm spojen\u00fdch s prac\u00ed novin\u00e1\u0159e (nat\u00e1\u010den\u00ed, st\u0159\u00edh\u00e1n\u00ed, editov\u00e1n\u00ed vide\u00ed). Bylo to velmi zaj\u00edmav\u00e9 dopoledne. Dovoluji si citovat jednu zp\u011btnou vazbu, kter\u00e1 v\u00fdsti\u017en\u011b zachycuje post\u0159ehy. \u201eUr\u010dit\u011b mi to dalo nov\u00fd pohled na v\u011bc a \u017eurnalistika jako takov\u00e1 m\u011b zaujala. Nikdy jsem se nezamyslela nad t\u00edm, jak tato pr\u00e1ce m\u016f\u017ee b\u00fdt n\u00e1ro\u010dn\u00e1. O v\u00e1lce na Ukrajin\u011b jsem ji\u017e p\u0159edt\u00edm n\u011bco v\u011bd\u011bla, ale te\u010f v\u00edm mnohem v\u00edc a jsem za to r\u00e1da, jeliko\u017e bych si ty informace sama nevyhledala. Zaujaly m\u011b v\u0161emo\u017en\u00e9 historky t\u00fdkaj\u00edc\u00ed se nejenom Ukrajiny.\u201c Podobn\u00e9 post\u0159ehy m\u011bli i ostatn\u00ed \u017e\u00e1ci. Vych\u00e1z\u00edm z reakc\u00ed ale i z aktivn\u00edho se zapojen\u00ed. \u017d\u00e1ci na\u0161\u00ed \u0161koly se nestyd\u011bli a pokl\u00e1dali debatuj\u00edc\u00edm adekv\u00e1tn\u00ed ot\u00e1zky. Ve v\u00fdsledku byla debata pro v\u0161echny inspirativn\u00ed a p\u0159\u00ednosn\u00e1. D\u011bkujeme JSNS, \u017ee jsme se mohli t\u00e9to z\u00fa\u010dastnit a t\u011b\u0161\u00edme se na dal\u0161\u00ed podobn\u00e9 p\u0159\u00edle\u017eitosti a spolupr\u00e1ci.<\/p>\n<p>Za t\u00fdm medi\u00e1ln\u00edho vzd\u011bl\u00e1v\u00e1n\u00ed M. Fojt\u00edkov\u00e1 a M. Fikar<\/p>\n<p><img loading=\"lazy\" decoding=\"async\" class=\"alignnone size-medium wp-image-9157\" src=\"https:\/\/www.zsmiletin.cz\/wp-content\/uploads\/2025\/05\/20250526_093127-225x300.jpg\" alt=\"\" width=\"225\" height=\"300\" srcset=\"https:\/\/www.zsmiletin.cz\/wp-content\/uploads\/2025\/05\/20250526_093127-225x300.jpg 225w, https:\/\/www.zsmiletin.cz\/wp-content\/uploads\/2025\/05\/20250526_093127-768x1024.jpg 768w, https:\/\/www.zsmiletin.cz\/wp-content\/uploads\/2025\/05\/20250526_093127-1152x1536.jpg 1152w, https:\/\/www.zsmiletin.cz\/wp-content\/uploads\/2025\/05\/20250526_093127-1536x2048.jpg 1536w, https:\/\/www.zsmiletin.cz\/wp-content\/uploads\/2025\/05\/20250526_093127-scaled.jpg 1920w\" sizes=\"auto, (max-width: 225px) 100vw, 225px\" \/><\/p>\n<p><img loading=\"lazy\" decoding=\"async\" class=\"alignnone size-medium wp-image-9160\" src=\"https:\/\/www.zsmiletin.cz\/wp-content\/uploads\/2025\/05\/20250526_113750-300x225.jpg\" alt=\"\" width=\"300\" height=\"225\" srcset=\"https:\/\/www.zsmiletin.cz\/wp-content\/uploads\/2025\/05\/20250526_113750-300x225.jpg 300w, https:\/\/www.zsmiletin.cz\/wp-content\/uploads\/2025\/05\/20250526_113750-1024x768.jpg 1024w, https:\/\/www.zsmiletin.cz\/wp-content\/uploads\/2025\/05\/20250526_113750-768x576.jpg 768w, https:\/\/www.zsmiletin.cz\/wp-content\/uploads\/2025\/05\/20250526_113750-1536x1152.jpg 1536w, https:\/\/www.zsmiletin.cz\/wp-content\/uploads\/2025\/05\/20250526_113750-2048x1536.jpg 2048w\" sizes=\"auto, (max-width: 300px) 100vw, 300px\" \/> <img loading=\"lazy\" decoding=\"async\" class=\"alignnone size-medium wp-image-9161\" src=\"https:\/\/www.zsmiletin.cz\/wp-content\/uploads\/2025\/05\/20250526_111609-300x225.jpg\" alt=\"\" width=\"300\" height=\"225\" srcset=\"https:\/\/www.zsmiletin.cz\/wp-content\/uploads\/2025\/05\/20250526_111609-300x225.jpg 300w, https:\/\/www.zsmiletin.cz\/wp-content\/uploads\/2025\/05\/20250526_111609-1024x768.jpg 1024w, https:\/\/www.zsmiletin.cz\/wp-content\/uploads\/2025\/05\/20250526_111609-768x576.jpg 768w, https:\/\/www.zsmiletin.cz\/wp-content\/uploads\/2025\/05\/20250526_111609-1536x1152.jpg 1536w, https:\/\/www.zsmiletin.cz\/wp-content\/uploads\/2025\/05\/20250526_111609-2048x1536.jpg 2048w\" sizes=\"auto, (max-width: 300px) 100vw, 300px\" \/><\/p>\n","protected":false},"excerpt":{"rendered":"<p>Libereck\u00e1 v\u011bdeck\u00e1 knihovna se stala v pond\u011bl\u00ed 26. 5. 2025 m\u00edstem, kde se setkali \u017e\u00e1ci z\u00e1kladn\u00edch a st\u0159edn\u00edch \u0161kol s &hellip; <\/p>\n","protected":false},"author":12,"featured_media":9157,"comment_status":"closed","ping_status":"closed","sticky":false,"template":"","format":"standard","meta":{"ngg_post_thumbnail":0,"footnotes":""},"categories":[22],"tags":[],"class_list":["post-9153","post","type-post","status-publish","format-standard","has-post-thumbnail","hentry","category-novinky","latest_post"],"_links":{"self":[{"href":"https:\/\/www.zsmiletin.cz\/index.php?rest_route=\/wp\/v2\/posts\/9153","targetHints":{"allow":["GET"]}}],"collection":[{"href":"https:\/\/www.zsmiletin.cz\/index.php?rest_route=\/wp\/v2\/posts"}],"about":[{"href":"https:\/\/www.zsmiletin.cz\/index.php?rest_route=\/wp\/v2\/types\/post"}],"author":[{"embeddable":true,"href":"https:\/\/www.zsmiletin.cz\/index.php?rest_route=\/wp\/v2\/users\/12"}],"replies":[{"embeddable":true,"href":"https:\/\/www.zsmiletin.cz\/index.php?rest_route=%2Fwp%2Fv2%2Fcomments&post=9153"}],"version-history":[{"count":0,"href":"https:\/\/www.zsmiletin.cz\/index.php?rest_route=\/wp\/v2\/posts\/9153\/revisions"}],"wp:featuredmedia":[{"embeddable":true,"href":"https:\/\/www.zsmiletin.cz\/index.php?rest_route=\/wp\/v2\/media\/9157"}],"wp:attachment":[{"href":"https:\/\/www.zsmiletin.cz\/index.php?rest_route=%2Fwp%2Fv2%2Fmedia&parent=9153"}],"wp:term":[{"taxonomy":"category","embeddable":true,"href":"https:\/\/www.zsmiletin.cz\/index.php?rest_route=%2Fwp%2Fv2%2Fcategories&post=9153"},{"taxonomy":"post_tag","embeddable":true,"href":"https:\/\/www.zsmiletin.cz\/index.php?rest_route=%2Fwp%2Fv2%2Ftags&post=9153"}],"curies":[{"name":"wp","href":"https:\/\/api.w.org\/{rel}","templated":true}]}}