{"id":9073,"date":"2025-05-16T22:15:38","date_gmt":"2025-05-16T20:15:38","guid":{"rendered":"https:\/\/www.zsmiletin.cz\/?p=9073"},"modified":"2025-05-16T22:15:38","modified_gmt":"2025-05-16T20:15:38","slug":"beh-pro-pamet-naroda","status":"publish","type":"post","link":"https:\/\/www.zsmiletin.cz\/?p=9073","title":{"rendered":"B\u011aH PRO PAM\u011a\u0164 N\u00c1RODA"},"content":{"rendered":"<p>I letos se na\u0161e \u0161kola zapojila do akce B\u011bh pro Pam\u011b\u0165 n\u00e1roda. C\u00edlem akce je podpo\u0159it organizaci, kter\u00e1 se zab\u00fdv\u00e1 mapov\u00e1n\u00edm a prezentov\u00e1n\u00edm p\u0159\u00edb\u011bh\u016f lid\u00ed, kte\u0159\u00ed nasazovali sv\u016fj \u017eivot za boj proti bezpr\u00e1v\u00ed anebo jim totalitn\u00ed re\u017eimy jejich \u017eivoty obr\u00e1tily &#8222;vzh\u016fru nohama&#8220;. Zkr\u00e1tka trochu netradi\u010dn\u00ed propojen\u00ed d\u011bjepisu s t\u011blocvikem.<\/p>\n<p>Ka\u017ed\u00fdm ub\u011bhnut\u00fdm kilometrem v obdob\u00ed 16. &#8211; 31. 5. mohou \u017e\u00e1ci a zam\u011bstnanci \u0161koly podpo\u0159it \u010dinnost t\u00e9to organizace. Do akce se zapoj\u00edme spole\u010dn\u00fdmi b\u011bhy o hodin\u00e1ch TV. A pokud b\u011bh\u00e1te i vy, \u017e\u00e1ci, po\u0159i\u010fte si ze sv\u00fdch b\u011bh\u016f z\u00e1znam (screen obrazovky telefonu nebo hodinek se z\u00e1znamem b\u011bhu). Podstatn\u00e1 je vzd\u00e1lenost, \u010das a datum b\u011bhu. \u00dadaje n\u00e1sledn\u011b po\u0161lete na m\u016fj e-mail (fikarmartin@zsmiletin.cz) a j\u00e1 \u00fadaje nahraji do syst\u00e9mu. Ka\u017ed\u00fd kilometr se po\u010d\u00edt\u00e1!<\/p>\n<p>Sledovat po\u0159ad\u00ed zapojen\u00fdch \u0161kol m\u016f\u017eete zde: https:\/\/irontime.cz\/vysledky3180\/<br \/>\nV\u00edce informac\u00ed k cel\u00e9 akci najdete zde:https:\/\/www.behpropametnaroda.cz\/pro-skoly\/<\/p>\n<p>Respekt v\u0161em, kte\u0159\u00ed se zapoj\u00ed a svoj\u00ed aktivitou pomohou podpo\u0159it hrdiny, kte\u0159\u00ed se tv\u00e1\u0159\u00ed v tv\u00e1\u0159 bezpr\u00e1v\u00ed nevzdali.<\/p>\n","protected":false},"excerpt":{"rendered":"<p>I letos se na\u0161e \u0161kola zapojila do akce B\u011bh pro Pam\u011b\u0165 n\u00e1roda. C\u00edlem akce je podpo\u0159it organizaci, kter\u00e1 se zab\u00fdv\u00e1 &hellip; <\/p>\n","protected":false},"author":13,"featured_media":9074,"comment_status":"closed","ping_status":"closed","sticky":false,"template":"","format":"standard","meta":{"ngg_post_thumbnail":0,"footnotes":""},"categories":[22],"tags":[],"class_list":["post-9073","post","type-post","status-publish","format-standard","has-post-thumbnail","hentry","category-novinky","latest_post"],"_links":{"self":[{"href":"https:\/\/www.zsmiletin.cz\/index.php?rest_route=\/wp\/v2\/posts\/9073","targetHints":{"allow":["GET"]}}],"collection":[{"href":"https:\/\/www.zsmiletin.cz\/index.php?rest_route=\/wp\/v2\/posts"}],"about":[{"href":"https:\/\/www.zsmiletin.cz\/index.php?rest_route=\/wp\/v2\/types\/post"}],"author":[{"embeddable":true,"href":"https:\/\/www.zsmiletin.cz\/index.php?rest_route=\/wp\/v2\/users\/13"}],"replies":[{"embeddable":true,"href":"https:\/\/www.zsmiletin.cz\/index.php?rest_route=%2Fwp%2Fv2%2Fcomments&post=9073"}],"version-history":[{"count":0,"href":"https:\/\/www.zsmiletin.cz\/index.php?rest_route=\/wp\/v2\/posts\/9073\/revisions"}],"wp:featuredmedia":[{"embeddable":true,"href":"https:\/\/www.zsmiletin.cz\/index.php?rest_route=\/wp\/v2\/media\/9074"}],"wp:attachment":[{"href":"https:\/\/www.zsmiletin.cz\/index.php?rest_route=%2Fwp%2Fv2%2Fmedia&parent=9073"}],"wp:term":[{"taxonomy":"category","embeddable":true,"href":"https:\/\/www.zsmiletin.cz\/index.php?rest_route=%2Fwp%2Fv2%2Fcategories&post=9073"},{"taxonomy":"post_tag","embeddable":true,"href":"https:\/\/www.zsmiletin.cz\/index.php?rest_route=%2Fwp%2Fv2%2Ftags&post=9073"}],"curies":[{"name":"wp","href":"https:\/\/api.w.org\/{rel}","templated":true}]}}