{"id":5565,"date":"2023-11-07T10:25:24","date_gmt":"2023-11-07T09:25:24","guid":{"rendered":"https:\/\/www.zsmiletin.cz\/?p=5565"},"modified":"2023-11-07T10:25:24","modified_gmt":"2023-11-07T09:25:24","slug":"mesic-filmu-na-skolach","status":"publish","type":"post","link":"https:\/\/www.zsmiletin.cz\/?p=5565","title":{"rendered":"M\u011bs\u00edc filmu na \u0161kol\u00e1ch"},"content":{"rendered":"<p>D\u00edky lo\u0148sk\u00fdm dobrovoln\u00fdm aktivit\u00e1m n\u011bkolika leto\u0161n\u00edch dev\u00e1\u0165\u00e1k\u016f jsme nav\u00e1zali u\u017e\u0161\u00ed kontakt s\u00a0Jedn\u00edm sv\u011btem na \u0161kol\u00e1ch (program spole\u010dnosti \u010clov\u011bk v\u00a0t\u00edsni). Letos se tak milet\u00ednsk\u00e1 \u0161kola poprv\u00e9 zapojila do projektu M\u011bs\u00edc filmu na \u0161kol\u00e1ch, kter\u00fd je zam\u011b\u0159en\u00fd na modern\u00ed \u010ceskoslovensk\u00e9 d\u011bjiny.<\/p>\n<p>V\u00a0na\u0161em p\u0159\u00edpad\u011b nez\u016fstalo pouze u projekce filmu, ale akci jsme roz\u0161\u00ed\u0159ili a pro \u017e\u00e1ky 7. \u2013 9. t\u0159\u00eddy zorganizovali cel\u00fd tematick\u00fd den v\u011bnovan\u00fd obdob\u00ed normalizace. V\u00a0rann\u00edm bloku byli \u017e\u00e1ci rozd\u011bleni do skupin nap\u0159\u00ed\u010d t\u0159\u00eddami. V\u00a0t\u011bchto skupin\u00e1ch se v\u011bnovali rozli\u010dn\u00fdm \u00fakol\u016fm t\u00fdkaj\u00edc\u00edch se zn\u00e1m\u00fdch i m\u00e9n\u011b zn\u00e1m\u00fdch osobnost\u00ed bojuj\u00edc\u00edch proti bol\u0161evick\u00e9 totalit\u011b. \u0158e\u0161ili a odhalovali i t\u00e9mata propagandy. V\u00a0obou \u010d\u00e1stech rann\u00edho bloku pracovali \u017e\u00e1ci i s\u00a0dobov\u00fdmi origin\u00e1ly. Od 10 hodin n\u00e1sledovala projekce dokument\u00e1rn\u00edho filmu Chceme d\u00fdchat, kter\u00fd mapoval \u017eivotn\u00ed osud v\u00a080. letech dosp\u00edvaj\u00edc\u00edho mlad\u00e9ho mu\u017ee ze severo\u010desk\u00fdch Teplic. Po zhl\u00e9dnut\u00ed filmu n\u00e1sledovala diskuse s\u00a0pam\u011btn\u00edkem. T\u00e9to role se zhostil pan starosta Miroslav Nosek a my mu velice d\u011bkujeme, za to, \u017ee \u0161el takto \u201es\u00a0k\u016f\u017e\u00ed na trh\u201c. T\u011b\u017eko \u0159\u00edci, zda byla p\u0159\u00ed\u010dinou siln\u00e1 emotivn\u00ed str\u00e1nka filmu, stydlivost nebo snad je\u0161t\u011b n\u011bco dal\u0161\u00edho, zkr\u00e1tka dotaz od \u017e\u00e1k\u016f nezazn\u011bl bohu\u017eel \u017e\u00e1dn\u00fd. Pan starosta se na\u0161t\u011bst\u00ed s\u00e1m ujal slova a vypr\u00e1v\u011bl, jak pro\u017eil tuto dobu on osobn\u011b. Po filmu jsme je\u0161t\u011b provedli reflexi a na z\u00e1v\u011br pracovali \u017e\u00e1ci na \u00fakolech souvisej\u00edc\u00edch s\u00a0filmem a dotv\u00e1\u0159eli komiks mapuj\u00edc\u00ed obdob\u00ed p\u00e1du totality.<\/p>\n<p>T\u00edmto by mohl tematick\u00fd den skon\u010dit, ale bylo n\u00e1m l\u00edto nevyu\u017e\u00edt jedine\u010dn\u00e9 p\u0159\u00edle\u017eitosti prom\u00edtnout film i ve\u0159ejnosti. M\u011bsto Milet\u00edn n\u00e1m poskytlo s\u00e1l, pan\u00ed Hlav\u00e1\u010dkov\u00e1 rozv\u011b\u0161ovala plak\u00e1ty a od 16 hodin prob\u011bhlo prom\u00edt\u00e1n\u00ed pro ve\u0159ejnost. Zde m\u011bli div\u00e1ci mo\u017enost nejen zdarma zhl\u00e9dnout film, ale tak\u00e9 si tak trochu vyzkou\u0161et roli t\u0159eba sv\u00fdch d\u011bt\u00ed a za\u017e\u00edt, jak tak\u00e9 m\u016f\u017ee vypadat ne zcela tradi\u010dn\u00ed forma \u0161koln\u00ed v\u00fduky. Zkr\u00e1tka na\u0161\u00ed snahou bylo p\u0159ibl\u00ed\u017eit \u0161kolu ve\u0159ejnosti, p\u0159edev\u0161\u00edm rodi\u010d\u016fm d\u011bt\u00ed, kte\u0159\u00ed \u0161kolu nav\u0161t\u011bvuj\u00ed. Neo\u010dek\u00e1vali jsme p\u0159\u00edli\u0161 hojnou \u00fa\u010dast, ale \u2026realita byla a\u017e zar\u00e1\u017eej\u00edc\u00ed.<\/p>\n<p>V\u00a0r\u00e1mci tematick\u00e9ho dne jsme ve \u0161kole instalovali dv\u011b plak\u00e1tov\u00e9 v\u00fdstavy. K\u00a0prom\u00edtan\u00e9mu filmu se vztahuj\u00edc\u00ed \u201eZ\u00e1vadovou ml\u00e1de\u017e\u201c a k\u00a0p\u0159\u00edle\u017eitosti 55 let, kter\u00e9 n\u00e1s d\u011bl\u00ed od roku 1968 v\u00fdstavu \u201eU n\u00e1s pom\u00e1hali taky\u201c. K\u00a0t\u00e9matu se pochopiteln\u011b vr\u00e1t\u00edme je\u0161t\u011b v\u00a0p\u0159\u00ed\u0161t\u00edm t\u00fddnu, tedy v\u00a0t\u00fddnu, kdy uplyne 34 let od konce totalitn\u00edho re\u017eimu v\u00a0na\u0161\u00ed zemi.<\/p>\n<div id='gallery-1' class='gallery galleryid-5565 gallery-columns-3 gallery-size-thumbnail'><figure class='gallery-item'>\r\r\n            <div class='gallery-icon landscape'>\r\r\n                <a href='https:\/\/www.zsmiletin.cz\/wp-content\/uploads\/2023\/11\/1699348620212.jpg' data-fancybox='group3' data-caption=''><img loading=\"lazy\" decoding=\"async\" width=\"150\" height=\"150\" src=\"https:\/\/www.zsmiletin.cz\/wp-content\/uploads\/2023\/11\/1699348620212-150x150.jpg\" class=\"attachment-thumbnail size-thumbnail\" alt=\"\" srcset=\"https:\/\/www.zsmiletin.cz\/wp-content\/uploads\/2023\/11\/1699348620212-150x150.jpg 150w, https:\/\/www.zsmiletin.cz\/wp-content\/uploads\/2023\/11\/1699348620212-246x246.jpg 246w, https:\/\/www.zsmiletin.cz\/wp-content\/uploads\/2023\/11\/1699348620212-275x275.jpg 275w, https:\/\/www.zsmiletin.cz\/wp-content\/uploads\/2023\/11\/1699348620212-70x70.jpg 70w, https:\/\/www.zsmiletin.cz\/wp-content\/uploads\/2023\/11\/1699348620212-276x276.jpg 276w, https:\/\/www.zsmiletin.cz\/wp-content\/uploads\/2023\/11\/1699348620212-125x125.jpg 125w, https:\/\/www.zsmiletin.cz\/wp-content\/uploads\/2023\/11\/1699348620212-211x211.jpg 211w\" sizes=\"auto, (max-width: 150px) 100vw, 150px\" \/><\/a>\r\r\n            <\/div><\/figure><figure class='gallery-item'>\r\r\n            <div class='gallery-icon landscape'>\r\r\n                <a href='https:\/\/www.zsmiletin.cz\/wp-content\/uploads\/2023\/11\/1699348620185.jpg' data-fancybox='group3' data-caption=''><img loading=\"lazy\" decoding=\"async\" width=\"150\" height=\"150\" src=\"https:\/\/www.zsmiletin.cz\/wp-content\/uploads\/2023\/11\/1699348620185-150x150.jpg\" class=\"attachment-thumbnail size-thumbnail\" alt=\"\" srcset=\"https:\/\/www.zsmiletin.cz\/wp-content\/uploads\/2023\/11\/1699348620185-150x150.jpg 150w, https:\/\/www.zsmiletin.cz\/wp-content\/uploads\/2023\/11\/1699348620185-246x246.jpg 246w, https:\/\/www.zsmiletin.cz\/wp-content\/uploads\/2023\/11\/1699348620185-275x275.jpg 275w, https:\/\/www.zsmiletin.cz\/wp-content\/uploads\/2023\/11\/1699348620185-70x70.jpg 70w, https:\/\/www.zsmiletin.cz\/wp-content\/uploads\/2023\/11\/1699348620185-276x276.jpg 276w, https:\/\/www.zsmiletin.cz\/wp-content\/uploads\/2023\/11\/1699348620185-125x125.jpg 125w, https:\/\/www.zsmiletin.cz\/wp-content\/uploads\/2023\/11\/1699348620185-211x211.jpg 211w\" sizes=\"auto, (max-width: 150px) 100vw, 150px\" \/><\/a>\r\r\n            <\/div><\/figure><figure class='gallery-item'>\r\r\n            <div class='gallery-icon landscape'>\r\r\n                <a href='https:\/\/www.zsmiletin.cz\/wp-content\/uploads\/2023\/11\/1699348620157.jpg' data-fancybox='group3' data-caption=''><img loading=\"lazy\" decoding=\"async\" width=\"150\" height=\"150\" src=\"https:\/\/www.zsmiletin.cz\/wp-content\/uploads\/2023\/11\/1699348620157-150x150.jpg\" class=\"attachment-thumbnail size-thumbnail\" alt=\"\" srcset=\"https:\/\/www.zsmiletin.cz\/wp-content\/uploads\/2023\/11\/1699348620157-150x150.jpg 150w, https:\/\/www.zsmiletin.cz\/wp-content\/uploads\/2023\/11\/1699348620157-246x246.jpg 246w, https:\/\/www.zsmiletin.cz\/wp-content\/uploads\/2023\/11\/1699348620157-275x275.jpg 275w, https:\/\/www.zsmiletin.cz\/wp-content\/uploads\/2023\/11\/1699348620157-70x70.jpg 70w, https:\/\/www.zsmiletin.cz\/wp-content\/uploads\/2023\/11\/1699348620157-276x276.jpg 276w, https:\/\/www.zsmiletin.cz\/wp-content\/uploads\/2023\/11\/1699348620157-125x125.jpg 125w, https:\/\/www.zsmiletin.cz\/wp-content\/uploads\/2023\/11\/1699348620157-211x211.jpg 211w\" sizes=\"auto, (max-width: 150px) 100vw, 150px\" \/><\/a>\r\r\n            <\/div><\/figure><figure class='gallery-item'>\r\r\n            <div class='gallery-icon landscape'>\r\r\n                <a href='https:\/\/www.zsmiletin.cz\/wp-content\/uploads\/2023\/11\/1699348620119.jpg' data-fancybox='group3' data-caption=''><img loading=\"lazy\" decoding=\"async\" width=\"150\" height=\"150\" src=\"https:\/\/www.zsmiletin.cz\/wp-content\/uploads\/2023\/11\/1699348620119-150x150.jpg\" class=\"attachment-thumbnail size-thumbnail\" alt=\"\" srcset=\"https:\/\/www.zsmiletin.cz\/wp-content\/uploads\/2023\/11\/1699348620119-150x150.jpg 150w, https:\/\/www.zsmiletin.cz\/wp-content\/uploads\/2023\/11\/1699348620119-246x246.jpg 246w, https:\/\/www.zsmiletin.cz\/wp-content\/uploads\/2023\/11\/1699348620119-275x275.jpg 275w, https:\/\/www.zsmiletin.cz\/wp-content\/uploads\/2023\/11\/1699348620119-70x70.jpg 70w, https:\/\/www.zsmiletin.cz\/wp-content\/uploads\/2023\/11\/1699348620119-276x276.jpg 276w, https:\/\/www.zsmiletin.cz\/wp-content\/uploads\/2023\/11\/1699348620119-125x125.jpg 125w, https:\/\/www.zsmiletin.cz\/wp-content\/uploads\/2023\/11\/1699348620119-211x211.jpg 211w\" sizes=\"auto, (max-width: 150px) 100vw, 150px\" \/><\/a>\r\r\n            <\/div><\/figure>\r\r\n        <\/div>\n\n","protected":false},"excerpt":{"rendered":"<p>D\u00edky lo\u0148sk\u00fdm dobrovoln\u00fdm aktivit\u00e1m n\u011bkolika leto\u0161n\u00edch dev\u00e1\u0165\u00e1k\u016f jsme nav\u00e1zali u\u017e\u0161\u00ed kontakt s\u00a0Jedn\u00edm sv\u011btem na \u0161kol\u00e1ch (program spole\u010dnosti \u010clov\u011bk v\u00a0t\u00edsni). Letos &hellip; <\/p>\n","protected":false},"author":13,"featured_media":5568,"comment_status":"closed","ping_status":"closed","sticky":false,"template":"","format":"standard","meta":{"ngg_post_thumbnail":0,"footnotes":""},"categories":[30,31,32,22],"tags":[],"class_list":["post-5565","post","type-post","status-publish","format-standard","has-post-thumbnail","hentry","category-7trida","category-8trida","category-9trida","category-novinky","latest_post"],"_links":{"self":[{"href":"https:\/\/www.zsmiletin.cz\/index.php?rest_route=\/wp\/v2\/posts\/5565","targetHints":{"allow":["GET"]}}],"collection":[{"href":"https:\/\/www.zsmiletin.cz\/index.php?rest_route=\/wp\/v2\/posts"}],"about":[{"href":"https:\/\/www.zsmiletin.cz\/index.php?rest_route=\/wp\/v2\/types\/post"}],"author":[{"embeddable":true,"href":"https:\/\/www.zsmiletin.cz\/index.php?rest_route=\/wp\/v2\/users\/13"}],"replies":[{"embeddable":true,"href":"https:\/\/www.zsmiletin.cz\/index.php?rest_route=%2Fwp%2Fv2%2Fcomments&post=5565"}],"version-history":[{"count":0,"href":"https:\/\/www.zsmiletin.cz\/index.php?rest_route=\/wp\/v2\/posts\/5565\/revisions"}],"wp:featuredmedia":[{"embeddable":true,"href":"https:\/\/www.zsmiletin.cz\/index.php?rest_route=\/wp\/v2\/media\/5568"}],"wp:attachment":[{"href":"https:\/\/www.zsmiletin.cz\/index.php?rest_route=%2Fwp%2Fv2%2Fmedia&parent=5565"}],"wp:term":[{"taxonomy":"category","embeddable":true,"href":"https:\/\/www.zsmiletin.cz\/index.php?rest_route=%2Fwp%2Fv2%2Fcategories&post=5565"},{"taxonomy":"post_tag","embeddable":true,"href":"https:\/\/www.zsmiletin.cz\/index.php?rest_route=%2Fwp%2Fv2%2Ftags&post=5565"}],"curies":[{"name":"wp","href":"https:\/\/api.w.org\/{rel}","templated":true}]}}