{"id":5404,"date":"2023-11-02T07:37:02","date_gmt":"2023-11-02T06:37:02","guid":{"rendered":"https:\/\/www.zsmiletin.cz\/?p=5404"},"modified":"2023-11-02T07:37:02","modified_gmt":"2023-11-02T06:37:02","slug":"zalozka-do-knihy-spojuje-skoly-2","status":"publish","type":"post","link":"https:\/\/www.zsmiletin.cz\/?p=5404","title":{"rendered":"Z\u00e1lo\u017eka do knihy spojuje \u0161koly"},"content":{"rendered":"<p>\u017d\u00e1ci \u0161est\u00e9ho a sedm\u00e9ho ro\u010dn\u00edku se letos op\u011bt zapojili do \u010desko-slovensk\u00e9ho projektu Z\u00e1lo\u017eka do knihy spojuje \u0161koly. V r\u00e1mci tohoto projektu d\u011bti vytvo\u0159ily z\u00e1lo\u017eky do knihy, kter\u00e9 jsme n\u00e1sledn\u011b poslali do \u0161koly v Lie\u0161\u0165anech na Slovensku. Na opl\u00e1tku jsme z\u00edskali z\u00e1lo\u017eky a drobn\u00e9 d\u00e1re\u010dky ze slovensk\u00e9 \u0161koly.<\/p>\n<div id='gallery-1' class='gallery galleryid-5404 gallery-columns-3 gallery-size-thumbnail'><figure class='gallery-item'>\r\r\n            <div class='gallery-icon landscape'>\r\r\n                <a href='https:\/\/www.zsmiletin.cz\/?attachment_id=5407'><img loading=\"lazy\" decoding=\"async\" width=\"150\" height=\"150\" src=\"https:\/\/www.zsmiletin.cz\/wp-content\/uploads\/2023\/11\/20231101_141626-1-150x150.jpg\" class=\"attachment-thumbnail size-thumbnail\" alt=\"\" srcset=\"https:\/\/www.zsmiletin.cz\/wp-content\/uploads\/2023\/11\/20231101_141626-1-150x150.jpg 150w, https:\/\/www.zsmiletin.cz\/wp-content\/uploads\/2023\/11\/20231101_141626-1-246x246.jpg 246w, https:\/\/www.zsmiletin.cz\/wp-content\/uploads\/2023\/11\/20231101_141626-1-275x275.jpg 275w, https:\/\/www.zsmiletin.cz\/wp-content\/uploads\/2023\/11\/20231101_141626-1-70x70.jpg 70w, https:\/\/www.zsmiletin.cz\/wp-content\/uploads\/2023\/11\/20231101_141626-1-276x276.jpg 276w, https:\/\/www.zsmiletin.cz\/wp-content\/uploads\/2023\/11\/20231101_141626-1-125x125.jpg 125w, https:\/\/www.zsmiletin.cz\/wp-content\/uploads\/2023\/11\/20231101_141626-1-211x211.jpg 211w\" sizes=\"auto, (max-width: 150px) 100vw, 150px\" \/><\/a>\r\r\n            <\/div><\/figure>\r\r\n        <\/div>\n\n","protected":false},"excerpt":{"rendered":"<p>\u017d\u00e1ci \u0161est\u00e9ho a sedm\u00e9ho ro\u010dn\u00edku se letos op\u011bt zapojili do \u010desko-slovensk\u00e9ho projektu Z\u00e1lo\u017eka do knihy spojuje \u0161koly. V r\u00e1mci tohoto &hellip; <\/p>\n","protected":false},"author":10,"featured_media":5407,"comment_status":"closed","ping_status":"closed","sticky":false,"template":"","format":"standard","meta":{"ngg_post_thumbnail":0,"footnotes":""},"categories":[29,30],"tags":[],"class_list":["post-5404","post","type-post","status-publish","format-standard","has-post-thumbnail","hentry","category-6trida","category-7trida","latest_post"],"_links":{"self":[{"href":"https:\/\/www.zsmiletin.cz\/index.php?rest_route=\/wp\/v2\/posts\/5404","targetHints":{"allow":["GET"]}}],"collection":[{"href":"https:\/\/www.zsmiletin.cz\/index.php?rest_route=\/wp\/v2\/posts"}],"about":[{"href":"https:\/\/www.zsmiletin.cz\/index.php?rest_route=\/wp\/v2\/types\/post"}],"author":[{"embeddable":true,"href":"https:\/\/www.zsmiletin.cz\/index.php?rest_route=\/wp\/v2\/users\/10"}],"replies":[{"embeddable":true,"href":"https:\/\/www.zsmiletin.cz\/index.php?rest_route=%2Fwp%2Fv2%2Fcomments&post=5404"}],"version-history":[{"count":0,"href":"https:\/\/www.zsmiletin.cz\/index.php?rest_route=\/wp\/v2\/posts\/5404\/revisions"}],"wp:featuredmedia":[{"embeddable":true,"href":"https:\/\/www.zsmiletin.cz\/index.php?rest_route=\/wp\/v2\/media\/5407"}],"wp:attachment":[{"href":"https:\/\/www.zsmiletin.cz\/index.php?rest_route=%2Fwp%2Fv2%2Fmedia&parent=5404"}],"wp:term":[{"taxonomy":"category","embeddable":true,"href":"https:\/\/www.zsmiletin.cz\/index.php?rest_route=%2Fwp%2Fv2%2Fcategories&post=5404"},{"taxonomy":"post_tag","embeddable":true,"href":"https:\/\/www.zsmiletin.cz\/index.php?rest_route=%2Fwp%2Fv2%2Ftags&post=5404"}],"curies":[{"name":"wp","href":"https:\/\/api.w.org\/{rel}","templated":true}]}}